{"id":570,"date":"2014-10-07T21:06:34","date_gmt":"2014-10-07T19:06:34","guid":{"rendered":"http:\/\/www.fdvcorta.ch\/?p=570"},"modified":"2014-10-07T21:08:18","modified_gmt":"2014-10-07T19:08:18","slug":"les-photos-du-cortege-2014","status":"publish","type":"post","link":"http:\/\/www.fdvcorta.ch\/?p=570","title":{"rendered":"Les photos du Cort\u00e8ge 2014"},"content":{"rendered":"<p>Les premi\u00e8res photos du cort\u00e8ge sont l\u00e0. Sous l&rsquo;onglet \u00ab\u00a0PHOTOS\u00a0\u00bb<\/p>\n<p>Grand merci \u00e0 notre photographe Vincent Nicolas, n\u2019h\u00e9sitez<a href=\"http:\/\/www.fdvcorta.ch\/wp-content\/uploads\/2014\/10\/fdvcorta-610.jpg\"><img loading=\"lazy\" class=\"aligncenter size-full wp-image-572\" title=\"fdvcorta-6\" src=\"http:\/\/www.fdvcorta.ch\/wp-content\/uploads\/2014\/10\/fdvcorta-610.jpg\" alt=\"\" width=\"800\" height=\"532\" srcset=\"http:\/\/www.fdvcorta.ch\/wp-content\/uploads\/2014\/10\/fdvcorta-610.jpg 800w, http:\/\/www.fdvcorta.ch\/wp-content\/uploads\/2014\/10\/fdvcorta-610-300x199.jpg 300w\" sizes=\"(max-width: 800px) 100vw, 800px\" \/><\/a> pas \u00e0 faire comme lui, envoyez-nous vos photos.<\/p>\n","protected":false},"excerpt":{"rendered":"<p>Les premi\u00e8res photos du cort\u00e8ge sont l\u00e0. Sous l&rsquo;onglet \u00ab\u00a0PHOTOS\u00a0\u00bb Grand merci \u00e0 notre photographe Vincent Nicolas, n\u2019h\u00e9sitez pas \u00e0 faire comme lui, envoyez-nous vos photos.<\/p>\n","protected":false},"author":3,"featured_media":0,"comment_status":"closed","ping_status":"closed","sticky":false,"template":"","format":"standard","meta":{"ngg_post_thumbnail":0},"categories":[1],"tags":[],"_links":{"self":[{"href":"http:\/\/www.fdvcorta.ch\/index.php?rest_route=\/wp\/v2\/posts\/570"}],"collection":[{"href":"http:\/\/www.fdvcorta.ch\/index.php?rest_route=\/wp\/v2\/posts"}],"about":[{"href":"http:\/\/www.fdvcorta.ch\/index.php?rest_route=\/wp\/v2\/types\/post"}],"author":[{"embeddable":true,"href":"http:\/\/www.fdvcorta.ch\/index.php?rest_route=\/wp\/v2\/users\/3"}],"replies":[{"embeddable":true,"href":"http:\/\/www.fdvcorta.ch\/index.php?rest_route=%2Fwp%2Fv2%2Fcomments&post=570"}],"version-history":[{"count":4,"href":"http:\/\/www.fdvcorta.ch\/index.php?rest_route=\/wp\/v2\/posts\/570\/revisions"}],"predecessor-version":[{"id":575,"href":"http:\/\/www.fdvcorta.ch\/index.php?rest_route=\/wp\/v2\/posts\/570\/revisions\/575"}],"wp:attachment":[{"href":"http:\/\/www.fdvcorta.ch\/index.php?rest_route=%2Fwp%2Fv2%2Fmedia&parent=570"}],"wp:term":[{"taxonomy":"category","embeddable":true,"href":"http:\/\/www.fdvcorta.ch\/index.php?rest_route=%2Fwp%2Fv2%2Fcategories&post=570"},{"taxonomy":"post_tag","embeddable":true,"href":"http:\/\/www.fdvcorta.ch\/index.php?rest_route=%2Fwp%2Fv2%2Ftags&post=570"}],"curies":[{"name":"wp","href":"https:\/\/api.w.org\/{rel}","templated":true}]}}