{"id":626,"date":"2015-08-25T10:32:34","date_gmt":"2015-08-25T08:32:34","guid":{"rendered":"http:\/\/www.fdvcorta.ch\/?p=626"},"modified":"2015-08-25T10:34:04","modified_gmt":"2015-08-25T08:34:04","slug":"inscriptions-au-cortege","status":"publish","type":"post","link":"http:\/\/www.fdvcorta.ch\/?p=626","title":{"rendered":"INSCRIPTIONS AU CORTEGE"},"content":{"rendered":"<p>Afin de nous ^permettre de pr\u00e9parer assez de nouriture et boissons pour la collation du cort\u00e8ge,<\/p>\n<p>nous vous invitons \u00e0 vous inscrire sur ce site avant le grand d\u00e9part du samedi 15h15.<\/p>\n<p>Ou si vous pr\u00e9f\u00e9rez, il est bien s\u00fbr toujours possible de s&rsquo;inscrire \u00e0 la derni\u00e8re minute au d\u00e9part &#8230;.<\/p>\n<p>L&rsquo;adresse se trouve sur la page d&rsquo;acceuil (rubrique CONTACT)<\/p>\n<p>&nbsp;<\/p>\n","protected":false},"excerpt":{"rendered":"<p>Afin de nous ^permettre de pr\u00e9parer assez de nouriture et boissons pour la collation du cort\u00e8ge, nous vous invitons \u00e0 vous inscrire sur ce site avant le grand d\u00e9part du samedi 15h15. Ou si vous pr\u00e9f\u00e9rez, il est bien s\u00fbr<span class=\"ellipsis\">&hellip;<\/span> <a href=\"http:\/\/www.fdvcorta.ch\/?p=626\"><\/p>\n<div class=\"read-more\">Read more &#8250;<\/div>\n<p><!-- end of .read-more --><\/a><\/p>\n","protected":false},"author":3,"featured_media":0,"comment_status":"closed","ping_status":"closed","sticky":false,"template":"","format":"standard","meta":{"ngg_post_thumbnail":0},"categories":[1],"tags":[],"_links":{"self":[{"href":"http:\/\/www.fdvcorta.ch\/index.php?rest_route=\/wp\/v2\/posts\/626"}],"collection":[{"href":"http:\/\/www.fdvcorta.ch\/index.php?rest_route=\/wp\/v2\/posts"}],"about":[{"href":"http:\/\/www.fdvcorta.ch\/index.php?rest_route=\/wp\/v2\/types\/post"}],"author":[{"embeddable":true,"href":"http:\/\/www.fdvcorta.ch\/index.php?rest_route=\/wp\/v2\/users\/3"}],"replies":[{"embeddable":true,"href":"http:\/\/www.fdvcorta.ch\/index.php?rest_route=%2Fwp%2Fv2%2Fcomments&post=626"}],"version-history":[{"count":2,"href":"http:\/\/www.fdvcorta.ch\/index.php?rest_route=\/wp\/v2\/posts\/626\/revisions"}],"predecessor-version":[{"id":628,"href":"http:\/\/www.fdvcorta.ch\/index.php?rest_route=\/wp\/v2\/posts\/626\/revisions\/628"}],"wp:attachment":[{"href":"http:\/\/www.fdvcorta.ch\/index.php?rest_route=%2Fwp%2Fv2%2Fmedia&parent=626"}],"wp:term":[{"taxonomy":"category","embeddable":true,"href":"http:\/\/www.fdvcorta.ch\/index.php?rest_route=%2Fwp%2Fv2%2Fcategories&post=626"},{"taxonomy":"post_tag","embeddable":true,"href":"http:\/\/www.fdvcorta.ch\/index.php?rest_route=%2Fwp%2Fv2%2Ftags&post=626"}],"curies":[{"name":"wp","href":"https:\/\/api.w.org\/{rel}","templated":true}]}}