{"id":722,"date":"2017-09-28T08:47:42","date_gmt":"2017-09-28T06:47:42","guid":{"rendered":"http:\/\/www.fdvcorta.ch\/?p=722"},"modified":"2017-09-28T08:47:42","modified_gmt":"2017-09-28T06:47:42","slug":"commune-invitee-2017-corcelles-cormondreche","status":"publish","type":"post","link":"http:\/\/www.fdvcorta.ch\/?p=722","title":{"rendered":"Commune Invit\u00e9e 2017 : Corcelles-Cormondr\u00e8che"},"content":{"rendered":"<p>Venez nombreux faire un tour sous la tente officielle et d\u00e9guster la raclette et les saucisses italienne pr\u00e9par\u00e9s par nos amis du FC Corcelles- Cormondr\u00e8che<\/p>\n","protected":false},"excerpt":{"rendered":"<p>Venez nombreux faire un tour sous la tente officielle et d\u00e9guster la raclette et les saucisses italienne pr\u00e9par\u00e9s par nos amis du FC Corcelles- Cormondr\u00e8che<\/p>\n","protected":false},"author":3,"featured_media":0,"comment_status":"closed","ping_status":"closed","sticky":false,"template":"","format":"standard","meta":{"ngg_post_thumbnail":0},"categories":[1],"tags":[],"_links":{"self":[{"href":"http:\/\/www.fdvcorta.ch\/index.php?rest_route=\/wp\/v2\/posts\/722"}],"collection":[{"href":"http:\/\/www.fdvcorta.ch\/index.php?rest_route=\/wp\/v2\/posts"}],"about":[{"href":"http:\/\/www.fdvcorta.ch\/index.php?rest_route=\/wp\/v2\/types\/post"}],"author":[{"embeddable":true,"href":"http:\/\/www.fdvcorta.ch\/index.php?rest_route=\/wp\/v2\/users\/3"}],"replies":[{"embeddable":true,"href":"http:\/\/www.fdvcorta.ch\/index.php?rest_route=%2Fwp%2Fv2%2Fcomments&post=722"}],"version-history":[{"count":1,"href":"http:\/\/www.fdvcorta.ch\/index.php?rest_route=\/wp\/v2\/posts\/722\/revisions"}],"predecessor-version":[{"id":723,"href":"http:\/\/www.fdvcorta.ch\/index.php?rest_route=\/wp\/v2\/posts\/722\/revisions\/723"}],"wp:attachment":[{"href":"http:\/\/www.fdvcorta.ch\/index.php?rest_route=%2Fwp%2Fv2%2Fmedia&parent=722"}],"wp:term":[{"taxonomy":"category","embeddable":true,"href":"http:\/\/www.fdvcorta.ch\/index.php?rest_route=%2Fwp%2Fv2%2Fcategories&post=722"},{"taxonomy":"post_tag","embeddable":true,"href":"http:\/\/www.fdvcorta.ch\/index.php?rest_route=%2Fwp%2Fv2%2Ftags&post=722"}],"curies":[{"name":"wp","href":"https:\/\/api.w.org\/{rel}","templated":true}]}}