{"id":737,"date":"2018-08-13T11:40:44","date_gmt":"2018-08-13T09:40:44","guid":{"rendered":"http:\/\/www.fdvcorta.ch\/?p=737"},"modified":"2018-08-13T11:40:44","modified_gmt":"2018-08-13T09:40:44","slug":"les-toetche","status":"publish","type":"post","link":"http:\/\/www.fdvcorta.ch\/?p=737","title":{"rendered":"Les  To\u00e9tch\u00e9"},"content":{"rendered":"<p>C&rsquo;est la clique du Noirmont que nous accueilleront avec plaisir cette ann\u00e9e.<\/p>\n<p>Ell participera au cort\u00e8ge du samedi et animera la rue durant la soir\u00e9e.<a href=\"http:\/\/www.fdvcorta.ch\/wp-content\/uploads\/2018\/08\/totch-800x350.jpg\"><img loading=\"lazy\" class=\"alignleft size-full wp-image-739\" title=\"totch-800x350\" src=\"http:\/\/www.fdvcorta.ch\/wp-content\/uploads\/2018\/08\/totch-800x350.jpg\" alt=\"\" width=\"800\" height=\"350\" srcset=\"http:\/\/www.fdvcorta.ch\/wp-content\/uploads\/2018\/08\/totch-800x350.jpg 800w, http:\/\/www.fdvcorta.ch\/wp-content\/uploads\/2018\/08\/totch-800x350-300x131.jpg 300w\" sizes=\"(max-width: 800px) 100vw, 800px\" \/><\/a><\/p>\n","protected":false},"excerpt":{"rendered":"<p>C&rsquo;est la clique du Noirmont que nous accueilleront avec plaisir cette ann\u00e9e. Ell participera au cort\u00e8ge du samedi et animera la rue durant la soir\u00e9e.<\/p>\n","protected":false},"author":3,"featured_media":0,"comment_status":"closed","ping_status":"closed","sticky":false,"template":"","format":"standard","meta":{"ngg_post_thumbnail":0},"categories":[1],"tags":[],"_links":{"self":[{"href":"http:\/\/www.fdvcorta.ch\/index.php?rest_route=\/wp\/v2\/posts\/737"}],"collection":[{"href":"http:\/\/www.fdvcorta.ch\/index.php?rest_route=\/wp\/v2\/posts"}],"about":[{"href":"http:\/\/www.fdvcorta.ch\/index.php?rest_route=\/wp\/v2\/types\/post"}],"author":[{"embeddable":true,"href":"http:\/\/www.fdvcorta.ch\/index.php?rest_route=\/wp\/v2\/users\/3"}],"replies":[{"embeddable":true,"href":"http:\/\/www.fdvcorta.ch\/index.php?rest_route=%2Fwp%2Fv2%2Fcomments&post=737"}],"version-history":[{"count":3,"href":"http:\/\/www.fdvcorta.ch\/index.php?rest_route=\/wp\/v2\/posts\/737\/revisions"}],"predecessor-version":[{"id":741,"href":"http:\/\/www.fdvcorta.ch\/index.php?rest_route=\/wp\/v2\/posts\/737\/revisions\/741"}],"wp:attachment":[{"href":"http:\/\/www.fdvcorta.ch\/index.php?rest_route=%2Fwp%2Fv2%2Fmedia&parent=737"}],"wp:term":[{"taxonomy":"category","embeddable":true,"href":"http:\/\/www.fdvcorta.ch\/index.php?rest_route=%2Fwp%2Fv2%2Fcategories&post=737"},{"taxonomy":"post_tag","embeddable":true,"href":"http:\/\/www.fdvcorta.ch\/index.php?rest_route=%2Fwp%2Fv2%2Ftags&post=737"}],"curies":[{"name":"wp","href":"https:\/\/api.w.org\/{rel}","templated":true}]}}